{"id":1207,"date":"2017-01-22T18:56:01","date_gmt":"2017-01-22T17:56:01","guid":{"rendered":"http:\/\/www.fotocultura.eu\/blogw\/?p=1207"},"modified":"2017-01-22T18:59:37","modified_gmt":"2017-01-22T17:59:37","slug":"le-tette-di-facebook-ovvero-la-stupidita-della-censura-in-fotografia","status":"publish","type":"post","link":"https:\/\/www.fotocultura.eu\/blogw\/2017\/01\/22\/le-tette-di-facebook-ovvero-la-stupidita-della-censura-in-fotografia\/","title":{"rendered":"LE TETTE DI FACEBOOK, OVVERO LA STUPIDIT\u00c0 DELLA CENSURA IN FOTOGRAFIA."},"content":{"rendered":"<p style=\"text-align: justify;\">\u00c8 di non molto tempo fa la doppia figuraccia che Facebook ha fatto censurando la famosa foto di Ut della bambina vietnamita, famosa icona della guerra del Vietnam.<\/p>\n<p style=\"text-align: justify;\"><a class=\"img-lightbox\" href=\"http:\/\/www.fotocultura.eu\/blogw\/wp-content\/uploads\/2017\" title=\"\">\n<img data-recalc-dims=\"1\" loading=\"lazy\" decoding=\"async\" data-attachment-id=\"1212\" data-permalink=\"https:\/\/www.fotocultura.eu\/blogw\/2017\/01\/22\/le-tette-di-facebook-ovvero-la-stupidita-della-censura-in-fotografia\/ut\/\" data-orig-file=\"https:\/\/i0.wp.com\/www.fotocultura.eu\/blogw\/wp-content\/uploads\/2017\/01\/ut.jpg?fit=744%2C417&amp;ssl=1\" data-orig-size=\"744,417\" data-comments-opened=\"1\" data-image-meta=\"{&quot;aperture&quot;:&quot;0&quot;,&quot;credit&quot;:&quot;&quot;,&quot;camera&quot;:&quot;&quot;,&quot;caption&quot;:&quot;&quot;,&quot;created_timestamp&quot;:&quot;0&quot;,&quot;copyright&quot;:&quot;&quot;,&quot;focal_length&quot;:&quot;0&quot;,&quot;iso&quot;:&quot;0&quot;,&quot;shutter_speed&quot;:&quot;0&quot;,&quot;title&quot;:&quot;&quot;,&quot;orientation&quot;:&quot;0&quot;}\" data-image-title=\"ut\" data-image-description=\"\" data-image-caption=\"\" data-medium-file=\"https:\/\/i0.wp.com\/www.fotocultura.eu\/blogw\/wp-content\/uploads\/2017\/01\/ut.jpg?fit=300%2C168&amp;ssl=1\" data-large-file=\"https:\/\/i0.wp.com\/www.fotocultura.eu\/blogw\/wp-content\/uploads\/2017\/01\/ut.jpg?fit=744%2C417&amp;ssl=1\" src=\"https:\/\/i0.wp.com\/www.fotocultura.eu\/blogw\/wp-content\/uploads\/2017\/01\/ut.jpg?resize=300%2C168\" alt=\"\" width=\"300\" height=\"168\" class=\"aligncenter size-medium wp-image-1212\" srcset=\"https:\/\/i0.wp.com\/www.fotocultura.eu\/blogw\/wp-content\/uploads\/2017\/01\/ut.jpg?resize=300%2C168&amp;ssl=1 300w, https:\/\/i0.wp.com\/www.fotocultura.eu\/blogw\/wp-content\/uploads\/2017\/01\/ut.jpg?w=744&amp;ssl=1 744w\" sizes=\"auto, (max-width: 300px) 100vw, 300px\" \/><br \/>\n<\/a>\n<p style=\"text-align: justify;\">Non contento, il social network, ha ripetuto la misera figura con la fotografia che ritraeva la famosissima statua del Nettuno collocata a Roma in piazza Navona.<\/p>\n<p style=\"text-align: justify;\"><a class=\"img-lightbox\" href=\"https:\/\/i0.wp.com\/www.fotocultura.eu\/blogw\/wp-content\/uploads\/2017\/01\/88713589.jpg\" title=\"\" data-rel=\"lightbox-image-0\" data-imagelightbox=\"0\" data-rl_title=\"\" data-rl_caption=\"\">\n<img data-recalc-dims=\"1\" loading=\"lazy\" decoding=\"async\" data-attachment-id=\"1208\" data-permalink=\"https:\/\/www.fotocultura.eu\/blogw\/2017\/01\/22\/le-tette-di-facebook-ovvero-la-stupidita-della-censura-in-fotografia\/attachment\/88713589\/\" data-orig-file=\"https:\/\/i0.wp.com\/www.fotocultura.eu\/blogw\/wp-content\/uploads\/2017\/01\/88713589.jpg?fit=1024%2C768&amp;ssl=1\" data-orig-size=\"1024,768\" data-comments-opened=\"1\" data-image-meta=\"{&quot;aperture&quot;:&quot;0&quot;,&quot;credit&quot;:&quot;&quot;,&quot;camera&quot;:&quot;&quot;,&quot;caption&quot;:&quot;&quot;,&quot;created_timestamp&quot;:&quot;0&quot;,&quot;copyright&quot;:&quot;&quot;,&quot;focal_length&quot;:&quot;0&quot;,&quot;iso&quot;:&quot;0&quot;,&quot;shutter_speed&quot;:&quot;0&quot;,&quot;title&quot;:&quot;&quot;,&quot;orientation&quot;:&quot;0&quot;}\" data-image-title=\"88713589\" data-image-description=\"\" data-image-caption=\"\" data-medium-file=\"https:\/\/i0.wp.com\/www.fotocultura.eu\/blogw\/wp-content\/uploads\/2017\/01\/88713589.jpg?fit=300%2C225&amp;ssl=1\" data-large-file=\"https:\/\/i0.wp.com\/www.fotocultura.eu\/blogw\/wp-content\/uploads\/2017\/01\/88713589.jpg?fit=1024%2C768&amp;ssl=1\" src=\"https:\/\/i0.wp.com\/www.fotocultura.eu\/blogw\/wp-content\/uploads\/2017\/01\/88713589.jpg?resize=300%2C225\" alt=\"\" width=\"300\" height=\"225\" class=\"aligncenter size-medium wp-image-1208\" srcset=\"https:\/\/i0.wp.com\/www.fotocultura.eu\/blogw\/wp-content\/uploads\/2017\/01\/88713589.jpg?resize=300%2C225&amp;ssl=1 300w, https:\/\/i0.wp.com\/www.fotocultura.eu\/blogw\/wp-content\/uploads\/2017\/01\/88713589.jpg?resize=768%2C576&amp;ssl=1 768w, https:\/\/i0.wp.com\/www.fotocultura.eu\/blogw\/wp-content\/uploads\/2017\/01\/88713589.jpg?w=1024&amp;ssl=1 1024w, https:\/\/i0.wp.com\/www.fotocultura.eu\/blogw\/wp-content\/uploads\/2017\/01\/88713589.jpg?resize=800%2C600&amp;ssl=1 800w\" sizes=\"auto, (max-width: 300px) 100vw, 300px\" \/><br \/>\n<\/a>\n<p style=\"text-align: justify;\">Secondo il network erano troppo nude\u2026<\/p>\n<p style=\"text-align: justify;\">Ora io mi chiedo se questo comportamento sia dettato da un puritanesimo patologico, da una perversa interpretazione delle religioni o se le motivazioni siano dettate dall\u2019ignoranza pi\u00f9 becera di persone che non hanno nemmeno conseguito la licenza dell\u2019asilo infantile.<\/p>\n<p style=\"text-align: justify;\">Anch\u2019io ho avuto una disavventura simile pubblicando un mio articolo sulla fotografia di Robert Mapplethorpe in cui in testata compariva questa fotografia:<\/p>\n<p style=\"text-align: justify;\">\n<p style=\"text-align: justify;\">\n<p style=\"text-align: justify;\"><a class=\"img-lightbox\" href=\"https:\/\/i0.wp.com\/www.fotocultura.eu\/blogw\/wp-content\/uploads\/2016\/10\/a72a525e.jpg\" title=\"\" data-rel=\"lightbox-image-1\" data-imagelightbox=\"1\" data-rl_title=\"\" data-rl_caption=\"\">\n<img data-recalc-dims=\"1\" loading=\"lazy\" decoding=\"async\" data-attachment-id=\"1157\" data-permalink=\"https:\/\/www.fotocultura.eu\/blogw\/2016\/10\/04\/feticismo-e-omosessualita-in-robert-mapplethorpe\/a72a525e\/\" data-orig-file=\"https:\/\/i0.wp.com\/www.fotocultura.eu\/blogw\/wp-content\/uploads\/2016\/10\/a72a525e.jpg?fit=453%2C460&amp;ssl=1\" data-orig-size=\"453,460\" data-comments-opened=\"1\" data-image-meta=\"{&quot;aperture&quot;:&quot;0&quot;,&quot;credit&quot;:&quot;&quot;,&quot;camera&quot;:&quot;&quot;,&quot;caption&quot;:&quot;&quot;,&quot;created_timestamp&quot;:&quot;0&quot;,&quot;copyright&quot;:&quot;&quot;,&quot;focal_length&quot;:&quot;0&quot;,&quot;iso&quot;:&quot;0&quot;,&quot;shutter_speed&quot;:&quot;0&quot;,&quot;title&quot;:&quot;&quot;,&quot;orientation&quot;:&quot;0&quot;}\" data-image-title=\"a72a525e\" data-image-description=\"\" data-image-caption=\"\" data-medium-file=\"https:\/\/i0.wp.com\/www.fotocultura.eu\/blogw\/wp-content\/uploads\/2016\/10\/a72a525e.jpg?fit=295%2C300&amp;ssl=1\" data-large-file=\"https:\/\/i0.wp.com\/www.fotocultura.eu\/blogw\/wp-content\/uploads\/2016\/10\/a72a525e.jpg?fit=453%2C460&amp;ssl=1\" src=\"https:\/\/i0.wp.com\/www.fotocultura.eu\/blogw\/wp-content\/uploads\/2016\/10\/a72a525e.jpg?resize=295%2C300\" alt=\"\" width=\"295\" height=\"300\" class=\"aligncenter size-medium wp-image-1157\" srcset=\"https:\/\/i0.wp.com\/www.fotocultura.eu\/blogw\/wp-content\/uploads\/2016\/10\/a72a525e.jpg?resize=295%2C300&amp;ssl=1 295w, https:\/\/i0.wp.com\/www.fotocultura.eu\/blogw\/wp-content\/uploads\/2016\/10\/a72a525e.jpg?resize=60%2C60&amp;ssl=1 60w, https:\/\/i0.wp.com\/www.fotocultura.eu\/blogw\/wp-content\/uploads\/2016\/10\/a72a525e.jpg?w=453&amp;ssl=1 453w\" sizes=\"auto, (max-width: 295px) 100vw, 295px\" \/><br \/>\n<\/a>\n<p style=\"text-align: justify;\">\n<p style=\"text-align: justify;\">\n<p style=\"text-align: justify;\">Non oso pensare cosa farebbero con la fotografia della Venere di Botticelli, del David di Donatello, con le figure della Cappella Sistina, per non parlare delle fotografie di autori come Mapplethorpe (gi\u00e0 fatto) o di Adriano Gar\u0109ia Alix o Newton o di Rong Rong.<\/p>\n<p style=\"text-align: justify;\">Ora io non credo che le motivazioni siano da ricercarsi in un classico puritanesimo tipico del Maine, anche se magari uno come Zuckerberg possa vantare ascendenti in quella cultura o essere nato l\u00ec (francamente non so dove sia nato, n\u00e9 mi interessa!).<\/p>\n<p style=\"text-align: justify;\">Altrettanto improbabile credo che le cause di tanto zelo risiedano nella paura di offendere certi credo religiosi. In tal caso su Facebook non dovremmo trovare immagini scabrose di gratuita violenza o pagine che inneggino al razzismo o al bullismo o, peggio ancora, dove trovino spazio commenti che inducano al suicidio o all\u2019omicidio.<\/p>\n<p style=\"text-align: justify;\">Credo che immagini decisamente pornografiche, giustamente, non abbiano spazio in un social network: la degradazione della donna o dell\u2019uomo a puro oggetto feticistico, privato di ogni sua dignit\u00e0 di persona e di essere pensante con capacit\u00e0 affettive, ritengo trovi tutti concordi in un corale rifiuto, senza essere bigotti.<\/p>\n<p style=\"text-align: justify;\">Allora non resta che la stupidit\u00e0, che \u00e8 una caratteristica propria delle persone ignoranti. E qui l\u2019ignoranza \u00e8 padrona, padrona di menti aliene dall\u2019avere mai letto un libro, mai andate in un museo, mai visto un programma televisivo culturale (sempre che esistano\u2026) e mai nemmeno andate oltre l\u2019asilo infantile.<\/p>\n<p style=\"text-align: justify;\">Pensate che per riammettere la fotografia di Ut, ci sono voluti giorni e, se \u00e8 vero quello che si dice, discussioni interminabili tra improbabili manager petocefali (non anencefali, proprio petocefali), il cui livello medio di capacit\u00e0 intellettive non pu\u00f2 andare oltre un singolo, misero neurone decerebrato.<\/p>\n<p style=\"text-align: justify;\">Ma come si fa a gestire un social cos\u00ec ampio con una mentalit\u00e0 cos\u00ec retriva?<\/p>\n<p style=\"text-align: justify;\">Ecco, io non vorrei che magari vi siano state anche spinte o segnalazioni di persone assidue frequentatrici di questo network, che magari scrivono solo commenti da ignoranti insensati o che abbiano problemi di tipo prettamente psichiatrico, nel qual caso, fossi nei cani da guardia di nudo su Facebook, sicuramente cancellerei a vita costoro e non certo la fotografia con un nudo d\u2019arte.<\/p>\n<p style=\"text-align: justify;\">Comunque sia, certamente la figuraccia stercoracea che hanno fatto, rimane come una macchia indelebile sulla seriet\u00e0, il livello culturale e intelligenza di chi, da dietro le quinte, manovra le fila di Facebook.<\/p>\n","protected":false},"excerpt":{"rendered":"<p>\u00c8 di non molto tempo fa la doppia figuraccia che Facebook ha fatto censurando la famosa foto di Ut della bambina vietnamita, famosa icona della guerra del Vietnam. Non contento, il social network, ha ripetuto la misera figura con la fotografia che ritraeva la famosissima statua del Nettuno collocata a Roma in piazza Navona. Secondo [&hellip;]<\/p>\n","protected":false},"author":1,"featured_media":1211,"comment_status":"open","ping_status":"open","sticky":false,"template":"","format":"standard","meta":{"_bbp_topic_count":0,"_bbp_reply_count":0,"_bbp_total_topic_count":0,"_bbp_total_reply_count":0,"_bbp_voice_count":0,"_bbp_anonymous_reply_count":0,"_bbp_topic_count_hidden":0,"_bbp_reply_count_hidden":0,"_bbp_forum_subforum_count":0,"_monsterinsights_skip_tracking":false,"_monsterinsights_sitenote_active":false,"_monsterinsights_sitenote_note":"","_monsterinsights_sitenote_category":0,"jetpack_post_was_ever_published":false,"_jetpack_newsletter_access":"","_jetpack_dont_email_post_to_subs":true,"_jetpack_newsletter_tier_id":0,"_jetpack_memberships_contains_paywalled_content":false,"_jetpack_memberships_contains_paid_content":false,"footnotes":"","jetpack_publicize_message":"","jetpack_publicize_feature_enabled":true,"jetpack_social_post_already_shared":true,"jetpack_social_options":{"image_generator_settings":{"template":"highway","default_image_id":0,"font":"","enabled":false},"version":2}},"categories":[13,31],"tags":[],"class_list":["post-1207","post","type-post","status-publish","format-standard","has-post-thumbnail","hentry","category-autore","category-opinioni"],"jetpack_publicize_connections":[],"jetpack_featured_media_url":"https:\/\/i0.wp.com\/www.fotocultura.eu\/blogw\/wp-content\/uploads\/2017\/01\/fstupidity_2-e1485107644107.jpg?fit=707%2C500&ssl=1","jetpack_sharing_enabled":true,"jetpack_shortlink":"https:\/\/wp.me\/p68m6U-jt","jetpack-related-posts":[],"jetpack_likes_enabled":true,"_links":{"self":[{"href":"https:\/\/www.fotocultura.eu\/blogw\/wp-json\/wp\/v2\/posts\/1207","targetHints":{"allow":["GET"]}}],"collection":[{"href":"https:\/\/www.fotocultura.eu\/blogw\/wp-json\/wp\/v2\/posts"}],"about":[{"href":"https:\/\/www.fotocultura.eu\/blogw\/wp-json\/wp\/v2\/types\/post"}],"author":[{"embeddable":true,"href":"https:\/\/www.fotocultura.eu\/blogw\/wp-json\/wp\/v2\/users\/1"}],"replies":[{"embeddable":true,"href":"https:\/\/www.fotocultura.eu\/blogw\/wp-json\/wp\/v2\/comments?post=1207"}],"version-history":[{"count":0,"href":"https:\/\/www.fotocultura.eu\/blogw\/wp-json\/wp\/v2\/posts\/1207\/revisions"}],"wp:featuredmedia":[{"embeddable":true,"href":"https:\/\/www.fotocultura.eu\/blogw\/wp-json\/wp\/v2\/media\/1211"}],"wp:attachment":[{"href":"https:\/\/www.fotocultura.eu\/blogw\/wp-json\/wp\/v2\/media?parent=1207"}],"wp:term":[{"taxonomy":"category","embeddable":true,"href":"https:\/\/www.fotocultura.eu\/blogw\/wp-json\/wp\/v2\/categories?post=1207"},{"taxonomy":"post_tag","embeddable":true,"href":"https:\/\/www.fotocultura.eu\/blogw\/wp-json\/wp\/v2\/tags?post=1207"}],"curies":[{"name":"wp","href":"https:\/\/api.w.org\/{rel}","templated":true}]}}