{"id":1033,"date":"2015-11-17T10:21:35","date_gmt":"2015-11-17T09:21:35","guid":{"rendered":"http:\/\/www.fotocultura.eu\/blogw\/?p=1033"},"modified":"2015-11-17T10:51:10","modified_gmt":"2015-11-17T09:51:10","slug":"paris-photo","status":"publish","type":"post","link":"https:\/\/www.fotocultura.eu\/blogw\/2015\/11\/17\/paris-photo\/","title":{"rendered":"PARIS PHOTO"},"content":{"rendered":"<p style=\"text-align: justify;\"><img data-recalc-dims=\"1\" loading=\"lazy\" decoding=\"async\" data-attachment-id=\"1040\" data-permalink=\"https:\/\/www.fotocultura.eu\/blogw\/2015\/11\/17\/paris-photo\/pc__0113\/\" data-orig-file=\"https:\/\/i0.wp.com\/www.fotocultura.eu\/blogw\/wp-content\/uploads\/2015\/11\/PC__0113.jpg?fit=1000%2C668&amp;ssl=1\" data-orig-size=\"1000,668\" data-comments-opened=\"1\" data-image-meta=\"{&quot;aperture&quot;:&quot;0&quot;,&quot;credit&quot;:&quot;&quot;,&quot;camera&quot;:&quot;&quot;,&quot;caption&quot;:&quot;&quot;,&quot;created_timestamp&quot;:&quot;0&quot;,&quot;copyright&quot;:&quot;@&quot;,&quot;focal_length&quot;:&quot;0&quot;,&quot;iso&quot;:&quot;0&quot;,&quot;shutter_speed&quot;:&quot;0&quot;,&quot;title&quot;:&quot;&quot;,&quot;orientation&quot;:&quot;0&quot;}\" data-image-title=\"PC__0113\" data-image-description=\"\" data-image-caption=\"\" data-medium-file=\"https:\/\/i0.wp.com\/www.fotocultura.eu\/blogw\/wp-content\/uploads\/2015\/11\/PC__0113.jpg?fit=300%2C200&amp;ssl=1\" data-large-file=\"https:\/\/i0.wp.com\/www.fotocultura.eu\/blogw\/wp-content\/uploads\/2015\/11\/PC__0113.jpg?fit=1000%2C668&amp;ssl=1\" class=\"alignleft size-medium wp-image-1040\" src=\"https:\/\/i0.wp.com\/www.fotocultura.eu\/blogw\/wp-content\/uploads\/2015\/11\/PC__0113.jpg?resize=300%2C200\" alt=\"PC__0113\" width=\"300\" height=\"200\" srcset=\"https:\/\/i0.wp.com\/www.fotocultura.eu\/blogw\/wp-content\/uploads\/2015\/11\/PC__0113.jpg?resize=300%2C200&amp;ssl=1 300w, https:\/\/i0.wp.com\/www.fotocultura.eu\/blogw\/wp-content\/uploads\/2015\/11\/PC__0113.jpg?w=1000&amp;ssl=1 1000w\" sizes=\"auto, (max-width: 300px) 100vw, 300px\" \/>Una grande mostra che quest&#8217;anno ha subito un duro colpo a causa del noto vile attentato dell&#8217;isis.<\/p>\n<p style=\"text-align: justify;\">Purtroppo sono riuscito a vederne soltanto una piccola parte il venerd\u00ec pomeriggio, infatti mi ero riproposto di osservare tutto con calma il giorno successivo, ma tutti sapete come \u00e8 andata a finire.<\/p>\n<p style=\"text-align: justify;\">Comunque l&#8217;impressione che ho avuto \u00e8 stata di una mostra di ottimo livello sia da un punto di vista qualitativo, che organizzativo.<\/p>\n<p style=\"text-align: justify;\">Tutti i grandi maestri della fotografia, sia storici che attuali, erano presenti con le loro opere. In particolare l&#8217;incontro personale con William Klein \u00e8 stato per me fonte di intense emozioni. Persona mite e serena, dotata di humor non comune, hanno reso piacevoli e indimenticabili i minuti trascorsi con lui.<\/p>\n<p><a href=\"https:\/\/i0.wp.com\/www.fotocultura.eu\/blogw\/wp-content\/uploads\/2015\/11\/PC__0088.jpg\" data-rel=\"lightbox-image-0\" data-imagelightbox=\"0\" data-rl_title=\"\" data-rl_caption=\"\" title=\"\"><img data-recalc-dims=\"1\" loading=\"lazy\" decoding=\"async\" data-attachment-id=\"1038\" data-permalink=\"https:\/\/www.fotocultura.eu\/blogw\/2015\/11\/17\/paris-photo\/pc__0088\/\" data-orig-file=\"https:\/\/i0.wp.com\/www.fotocultura.eu\/blogw\/wp-content\/uploads\/2015\/11\/PC__0088.jpg?fit=668%2C1000&amp;ssl=1\" data-orig-size=\"668,1000\" data-comments-opened=\"1\" data-image-meta=\"{&quot;aperture&quot;:&quot;0&quot;,&quot;credit&quot;:&quot;PIETRO COLLINI&quot;,&quot;camera&quot;:&quot;&quot;,&quot;caption&quot;:&quot;&quot;,&quot;created_timestamp&quot;:&quot;0&quot;,&quot;copyright&quot;:&quot;@&quot;,&quot;focal_length&quot;:&quot;0&quot;,&quot;iso&quot;:&quot;0&quot;,&quot;shutter_speed&quot;:&quot;0&quot;,&quot;title&quot;:&quot;&quot;,&quot;orientation&quot;:&quot;0&quot;}\" data-image-title=\"PC__0088\" data-image-description=\"\" data-image-caption=\"\" data-medium-file=\"https:\/\/i0.wp.com\/www.fotocultura.eu\/blogw\/wp-content\/uploads\/2015\/11\/PC__0088.jpg?fit=200%2C300&amp;ssl=1\" data-large-file=\"https:\/\/i0.wp.com\/www.fotocultura.eu\/blogw\/wp-content\/uploads\/2015\/11\/PC__0088.jpg?fit=668%2C1000&amp;ssl=1\" class=\"aligncenter size-full wp-image-1038\" src=\"https:\/\/i0.wp.com\/www.fotocultura.eu\/blogw\/wp-content\/uploads\/2015\/11\/PC__0088.jpg?resize=668%2C1000\" alt=\"PC__0088\" width=\"668\" height=\"1000\" srcset=\"https:\/\/i0.wp.com\/www.fotocultura.eu\/blogw\/wp-content\/uploads\/2015\/11\/PC__0088.jpg?w=668&amp;ssl=1 668w, https:\/\/i0.wp.com\/www.fotocultura.eu\/blogw\/wp-content\/uploads\/2015\/11\/PC__0088.jpg?resize=200%2C300&amp;ssl=1 200w\" sizes=\"auto, (max-width: 668px) 100vw, 668px\" \/><\/a><\/p>\n<p>&nbsp;<\/p>\n<p>&nbsp;<\/p>\n<p style=\"text-align: justify;\">Vedere &#8220;dal vivo&#8221; le fotografie stampate di <a href=\"http:\/\/www.fotocultura.eu\/blogw\/2015\/05\/26\/attraversando-il-giardino-del-diavolo-con-nan-goldin\/\" target=\"_blank\">Nan Goldin<\/a>, fotografa tra le mie preferite, mi ha regalato un momento di grande piacere.<\/p>\n<p><img data-recalc-dims=\"1\" loading=\"lazy\" decoding=\"async\" data-attachment-id=\"1037\" data-permalink=\"https:\/\/www.fotocultura.eu\/blogw\/2015\/11\/17\/paris-photo\/nan_goldin\/\" data-orig-file=\"https:\/\/i0.wp.com\/www.fotocultura.eu\/blogw\/wp-content\/uploads\/2015\/11\/nan_goldin.jpg?fit=1000%2C668&amp;ssl=1\" data-orig-size=\"1000,668\" data-comments-opened=\"1\" data-image-meta=\"{&quot;aperture&quot;:&quot;0&quot;,&quot;credit&quot;:&quot;&quot;,&quot;camera&quot;:&quot;&quot;,&quot;caption&quot;:&quot;&quot;,&quot;created_timestamp&quot;:&quot;0&quot;,&quot;copyright&quot;:&quot;@&quot;,&quot;focal_length&quot;:&quot;0&quot;,&quot;iso&quot;:&quot;0&quot;,&quot;shutter_speed&quot;:&quot;0&quot;,&quot;title&quot;:&quot;&quot;,&quot;orientation&quot;:&quot;0&quot;}\" data-image-title=\"nan_goldin\" data-image-description=\"\" data-image-caption=\"\" data-medium-file=\"https:\/\/i0.wp.com\/www.fotocultura.eu\/blogw\/wp-content\/uploads\/2015\/11\/nan_goldin.jpg?fit=300%2C200&amp;ssl=1\" data-large-file=\"https:\/\/i0.wp.com\/www.fotocultura.eu\/blogw\/wp-content\/uploads\/2015\/11\/nan_goldin.jpg?fit=1000%2C668&amp;ssl=1\" class=\"aligncenter size-full wp-image-1037\" src=\"https:\/\/i0.wp.com\/www.fotocultura.eu\/blogw\/wp-content\/uploads\/2015\/11\/nan_goldin.jpg?resize=1000%2C668\" alt=\"nan_goldin\" width=\"1000\" height=\"668\" srcset=\"https:\/\/i0.wp.com\/www.fotocultura.eu\/blogw\/wp-content\/uploads\/2015\/11\/nan_goldin.jpg?w=1000&amp;ssl=1 1000w, https:\/\/i0.wp.com\/www.fotocultura.eu\/blogw\/wp-content\/uploads\/2015\/11\/nan_goldin.jpg?resize=300%2C200&amp;ssl=1 300w\" sizes=\"auto, (max-width: 1000px) 100vw, 1000px\" \/><\/p>\n<p>&nbsp;<\/p>\n<p>Infine sono rimasto particolarmente impressionato dalla foto su placche di rame presentate dalla\u00a0<a href=\"http:\/\/www.brucekapson.com\" target=\"_blank\">BRUCE KAPSON GALLERY<\/a>, che rappresentano le immagini riprese da Edward Sheriff Curtis:<\/p>\n<blockquote>\n<p style=\"text-align: justify;\"><strong>Edward S. Curtis \u00e8 tra i fotografi pi\u00f9 importanti del XX secolo, ed \u00e8 senza dubbio il fotografo pi\u00f9 rappresentativo\u00a0del West americano. La sua opera rappresenta il documento di un popolo.<\/strong><\/p>\n<p style=\"text-align: justify;\"><strong>Egli fu il primo fotografo a stringere rapporti basati sulla fiducia e il reciproco rispetto con\u00a0gli Indiani Americani; fu anche il primo fotografo a ritrarli come qualcosa di diverso da semplici oggetti di curiosit\u00e0. E &#8216;riuscito trasmetterci una visione reale\u00a0della situazione degli &#8220;American Indians&#8221;.<\/strong><\/p>\n<p style=\"text-align: justify;\"><strong>Le sue\u00a0immagini non hanno soltanto lo scopo registrare la vita quotidiana di un popolo, ma anche trasmettere la sua dignit\u00e0, umanit\u00e0 e maestosit\u00e0.<\/strong><\/p>\n<p style=\"text-align: justify;\"><strong>La mostra personale, &#8220;Alla scoperta delle lastre di rame Photogravure di Edward S. Curtis&#8221; comprende molteplici supporti fotografici per creare un racconto visivo storico che contestualizza il significato di queste opere. Ciascuna delle lastre esposte \u00e8 un capolavoro inestimabile e un documento unico di una delle pi\u00f9 importanti iniziative editoriali del 20 \u00b0 secolo.<\/strong><\/p>\n<\/blockquote>\n<p style=\"text-align: justify;\"><img data-recalc-dims=\"1\" loading=\"lazy\" decoding=\"async\" data-attachment-id=\"1042\" data-permalink=\"https:\/\/www.fotocultura.eu\/blogw\/2015\/11\/17\/paris-photo\/chief_joseph\/\" data-orig-file=\"https:\/\/i0.wp.com\/www.fotocultura.eu\/blogw\/wp-content\/uploads\/2015\/11\/chief_joseph.jpg?fit=668%2C1000&amp;ssl=1\" data-orig-size=\"668,1000\" data-comments-opened=\"1\" data-image-meta=\"{&quot;aperture&quot;:&quot;0&quot;,&quot;credit&quot;:&quot;&quot;,&quot;camera&quot;:&quot;&quot;,&quot;caption&quot;:&quot;&quot;,&quot;created_timestamp&quot;:&quot;0&quot;,&quot;copyright&quot;:&quot;@&quot;,&quot;focal_length&quot;:&quot;0&quot;,&quot;iso&quot;:&quot;0&quot;,&quot;shutter_speed&quot;:&quot;0&quot;,&quot;title&quot;:&quot;&quot;,&quot;orientation&quot;:&quot;0&quot;}\" data-image-title=\"chief_joseph\" data-image-description=\"\" data-image-caption=\"\" data-medium-file=\"https:\/\/i0.wp.com\/www.fotocultura.eu\/blogw\/wp-content\/uploads\/2015\/11\/chief_joseph.jpg?fit=200%2C300&amp;ssl=1\" data-large-file=\"https:\/\/i0.wp.com\/www.fotocultura.eu\/blogw\/wp-content\/uploads\/2015\/11\/chief_joseph.jpg?fit=668%2C1000&amp;ssl=1\" class=\"aligncenter size-full wp-image-1042\" src=\"https:\/\/i0.wp.com\/www.fotocultura.eu\/blogw\/wp-content\/uploads\/2015\/11\/chief_joseph.jpg?resize=668%2C1000\" alt=\"chief_joseph\" width=\"668\" height=\"1000\" srcset=\"https:\/\/i0.wp.com\/www.fotocultura.eu\/blogw\/wp-content\/uploads\/2015\/11\/chief_joseph.jpg?w=668&amp;ssl=1 668w, https:\/\/i0.wp.com\/www.fotocultura.eu\/blogw\/wp-content\/uploads\/2015\/11\/chief_joseph.jpg?resize=200%2C300&amp;ssl=1 200w\" sizes=\"auto, (max-width: 668px) 100vw, 668px\" \/><\/p>\n<p style=\"text-align: justify;\">Tanto altro avrei potuto narrarvi, ma purtroppo il mio racconto finisce qui.<\/p>\n","protected":false},"excerpt":{"rendered":"<p>Una grande mostra che quest&#8217;anno ha subito un duro colpo a causa del noto vile attentato dell&#8217;isis. Purtroppo sono riuscito a vederne soltanto una piccola parte il venerd\u00ec pomeriggio, infatti mi ero riproposto di osservare tutto con calma il giorno successivo, ma tutti sapete come \u00e8 andata a finire. Comunque l&#8217;impressione che ho avuto \u00e8 [&hellip;]<\/p>\n","protected":false},"author":1,"featured_media":1039,"comment_status":"open","ping_status":"open","sticky":false,"template":"","format":"standard","meta":{"_bbp_topic_count":0,"_bbp_reply_count":0,"_bbp_total_topic_count":0,"_bbp_total_reply_count":0,"_bbp_voice_count":0,"_bbp_anonymous_reply_count":0,"_bbp_topic_count_hidden":0,"_bbp_reply_count_hidden":0,"_bbp_forum_subforum_count":0,"_monsterinsights_skip_tracking":false,"_monsterinsights_sitenote_active":false,"_monsterinsights_sitenote_note":"","_monsterinsights_sitenote_category":0,"jetpack_post_was_ever_published":false,"_jetpack_newsletter_access":"","_jetpack_dont_email_post_to_subs":false,"_jetpack_newsletter_tier_id":0,"_jetpack_memberships_contains_paywalled_content":false,"_jetpack_memberships_contains_paid_content":false,"footnotes":"","jetpack_publicize_message":"","jetpack_publicize_feature_enabled":true,"jetpack_social_post_already_shared":true,"jetpack_social_options":{"image_generator_settings":{"template":"highway","default_image_id":0,"font":"","enabled":false},"version":2}},"categories":[4,17],"tags":[],"class_list":["post-1033","post","type-post","status-publish","format-standard","has-post-thumbnail","hentry","category-mostre","category-mostrerecensioni"],"jetpack_publicize_connections":[],"jetpack_featured_media_url":"https:\/\/i0.wp.com\/www.fotocultura.eu\/blogw\/wp-content\/uploads\/2015\/11\/PC__0107.jpg?fit=1000%2C668&ssl=1","jetpack_sharing_enabled":true,"jetpack_shortlink":"https:\/\/wp.me\/p68m6U-gF","jetpack-related-posts":[],"jetpack_likes_enabled":true,"_links":{"self":[{"href":"https:\/\/www.fotocultura.eu\/blogw\/wp-json\/wp\/v2\/posts\/1033","targetHints":{"allow":["GET"]}}],"collection":[{"href":"https:\/\/www.fotocultura.eu\/blogw\/wp-json\/wp\/v2\/posts"}],"about":[{"href":"https:\/\/www.fotocultura.eu\/blogw\/wp-json\/wp\/v2\/types\/post"}],"author":[{"embeddable":true,"href":"https:\/\/www.fotocultura.eu\/blogw\/wp-json\/wp\/v2\/users\/1"}],"replies":[{"embeddable":true,"href":"https:\/\/www.fotocultura.eu\/blogw\/wp-json\/wp\/v2\/comments?post=1033"}],"version-history":[{"count":0,"href":"https:\/\/www.fotocultura.eu\/blogw\/wp-json\/wp\/v2\/posts\/1033\/revisions"}],"wp:featuredmedia":[{"embeddable":true,"href":"https:\/\/www.fotocultura.eu\/blogw\/wp-json\/wp\/v2\/media\/1039"}],"wp:attachment":[{"href":"https:\/\/www.fotocultura.eu\/blogw\/wp-json\/wp\/v2\/media?parent=1033"}],"wp:term":[{"taxonomy":"category","embeddable":true,"href":"https:\/\/www.fotocultura.eu\/blogw\/wp-json\/wp\/v2\/categories?post=1033"},{"taxonomy":"post_tag","embeddable":true,"href":"https:\/\/www.fotocultura.eu\/blogw\/wp-json\/wp\/v2\/tags?post=1033"}],"curies":[{"name":"wp","href":"https:\/\/api.w.org\/{rel}","templated":true}]}}