{"id":1167,"date":"2016-10-05T09:14:18","date_gmt":"2016-10-05T07:14:18","guid":{"rendered":"http:\/\/www.fotocultura.eu\/blogw\/?p=1167"},"modified":"2016-10-05T09:38:16","modified_gmt":"2016-10-05T07:38:16","slug":"il-reportage-e-morto-per-aborto-viva-il-reportage","status":"publish","type":"post","link":"http:\/\/www.fotocultura.eu\/blogw\/2016\/10\/05\/il-reportage-e-morto-per-aborto-viva-il-reportage\/","title":{"rendered":"IL REPORTAGE \u00c8 MORTO PER ABORTO: VIVA IL REPORTAGE!"},"content":{"rendered":"<p style=\"text-align: justify;\">Purtroppo il reportage \u00e8 nato con un grave peccato originale, che consiste nel dovere mostrare non la realt\u00e0, ma l\u2019interpretazione del reporter, il quale sul luogo di un evento, si pone come esegeta e non come spettatore che racconta.<\/p>\n<p style=\"text-align: justify;\">Inizialmente la mediazione del fotografo era mirata a edulcorare i fatti, ad anestetizzare gli orrori di un conflitto, come fece Fenton con le sue fotografie e successivamente anche Riis, Evans e la Lange, nel documentare la grande crisi americana, dimostrarono di prediligere pi\u00f9 una fotografia pilotata dal filtro dell\u2019opportunismo interpretativo, che non il desiderio di proporre la realt\u00e0 nella sua sincera crudezza sociale.<\/p>\n<p style=\"text-align: justify;\">Del resto per far passare messaggi completamente diversi di uno stesso avvenimento basta semplicemente inquadrare la scena non per intero, ma darle un taglio parziale, come \u00e8 bene illustrato in questa immagine:<\/p>\n<p style=\"text-align: justify;\"><a class=\"img-lightbox\" href=\"https:\/\/i0.wp.com\/www.fotocultura.eu\/blogw\/wp-content\/uploads\/2015\/11\/IMG_1343.jpg\" title=\"\" data-rel=\"lightbox-image-0\" data-imagelightbox=\"0\" data-rl_title=\"\" data-rl_caption=\"\">\n<img data-recalc-dims=\"1\" loading=\"lazy\" decoding=\"async\" data-attachment-id=\"997\" data-permalink=\"http:\/\/www.fotocultura.eu\/blogw\/2015\/11\/07\/il-convegno-etica-e-fotogiornalismo-seconda-parte\/img_1343\/\" data-orig-file=\"https:\/\/i0.wp.com\/www.fotocultura.eu\/blogw\/wp-content\/uploads\/2015\/11\/IMG_1343.jpg?fit=800%2C595\" data-orig-size=\"800,595\" data-comments-opened=\"1\" data-image-meta=\"{&quot;aperture&quot;:&quot;0&quot;,&quot;credit&quot;:&quot;&quot;,&quot;camera&quot;:&quot;&quot;,&quot;caption&quot;:&quot;&quot;,&quot;created_timestamp&quot;:&quot;1441258399&quot;,&quot;copyright&quot;:&quot;&quot;,&quot;focal_length&quot;:&quot;0&quot;,&quot;iso&quot;:&quot;0&quot;,&quot;shutter_speed&quot;:&quot;0&quot;,&quot;title&quot;:&quot;&quot;,&quot;orientation&quot;:&quot;0&quot;}\" data-image-title=\"IMG_1343\" data-image-description=\"\" data-image-caption=\"\" data-medium-file=\"https:\/\/i0.wp.com\/www.fotocultura.eu\/blogw\/wp-content\/uploads\/2015\/11\/IMG_1343.jpg?fit=300%2C223\" data-large-file=\"https:\/\/i0.wp.com\/www.fotocultura.eu\/blogw\/wp-content\/uploads\/2015\/11\/IMG_1343.jpg?fit=800%2C595\" src=\"https:\/\/i0.wp.com\/www.fotocultura.eu\/blogw\/wp-content\/uploads\/2015\/11\/IMG_1343.jpg?resize=300%2C223\" alt=\"IMG_1343\" width=\"300\" height=\"223\" class=\"aligncenter size-medium wp-image-997\" srcset=\"https:\/\/i0.wp.com\/www.fotocultura.eu\/blogw\/wp-content\/uploads\/2015\/11\/IMG_1343.jpg?resize=300%2C223 300w, https:\/\/i0.wp.com\/www.fotocultura.eu\/blogw\/wp-content\/uploads\/2015\/11\/IMG_1343.jpg?w=800 800w\" sizes=\"auto, (max-width: 300px) 100vw, 300px\" \/><br \/>\n<\/a>\n<p style=\"text-align: justify;\">Taglio che pu\u00f2 essere eseguito al momento dello scatto oppure successivamente come ad esempio fece Ut con la sua famosa immagine del Vietnam.<\/p>\n<p style=\"text-align: justify;\">Rarissimi sono gli esempi di un reportage sincero e veramente documentale, a tutt\u2019oggi si contano veramente pochi reporter quasi obiettivi nel narrare i fatti.<\/p>\n<p style=\"text-align: justify;\">Certamente un reporter completamente obiettivo e neutrale \u00e8 una chimera assolutamente impossibile, egli comunque pone sempre dei filtri legati alla sua cultura e ideologia e cos\u00ec non potr\u00e0 mai darci una versione fotografica icastica di un evento.<\/p>\n<p style=\"text-align: justify;\">Quando poi il matrimonio con la stampa venne a mancare, il reportage entr\u00f2 in una crisi profonda, che anche tutt\u2019oggi lo soffoca.<\/p>\n<p style=\"text-align: justify;\">I fotoreporter si sono resi conto che per vivere delle loro fotografie devono presentarle con un look drammatico ed estetizzante, talora cos\u00ec enfatizzato da rasentare il grottesco, e con luci e colori che possano immediatamente muovere nello spettatore una massa di emozioni violente e che lo svincolino dalla necessit\u00e0 di pensare all\u2019avvenimento, ma lascino solo spazio alla commozione e al dolore.<\/p>\n<p style=\"text-align: justify;\">Parlando con Sandro Iovine del magnifico lavoro di Majoli recentemente in mostra a Monopoli, mi rendo conto che ormai la prevaricazione dell\u2019estetizzazione e della interpretazione personale hanno cancellato definitivamente la funzione documentale del reportage.<\/p>\n<p style=\"text-align: justify;\">Il lavoro di Majoli, assolutamente ineccepibile da un punto di vista estetico, ci rende una sua personale visione emotiva della vita dei migranti, anche se talora mi lascia un po\u2019 l\u2019amaro in bocca a causa di alcune immagini gi\u00e0 sfruttate come questa:<\/p>\n<p style=\"text-align: justify;\"><a class=\"img-lightbox\" href=\"https:\/\/i0.wp.com\/www.fotocultura.eu\/blogw\/wp-content\/uploads\/2016\/10\/majoli.jpg\" title=\"\" data-rel=\"lightbox-image-1\" data-imagelightbox=\"1\" data-rl_title=\"\" data-rl_caption=\"\">\n<p style=\"text-align: justify;\"><img data-recalc-dims=\"1\" loading=\"lazy\" decoding=\"async\" data-attachment-id=\"1170\" data-permalink=\"http:\/\/www.fotocultura.eu\/blogw\/2016\/10\/05\/il-reportage-e-morto-per-aborto-viva-il-reportage\/majoli\/\" data-orig-file=\"https:\/\/i0.wp.com\/www.fotocultura.eu\/blogw\/wp-content\/uploads\/2016\/10\/majoli.jpg?fit=700%2C525\" data-orig-size=\"700,525\" data-comments-opened=\"1\" data-image-meta=\"{&quot;aperture&quot;:&quot;0&quot;,&quot;credit&quot;:&quot;&quot;,&quot;camera&quot;:&quot;&quot;,&quot;caption&quot;:&quot;&quot;,&quot;created_timestamp&quot;:&quot;0&quot;,&quot;copyright&quot;:&quot;&quot;,&quot;focal_length&quot;:&quot;0&quot;,&quot;iso&quot;:&quot;0&quot;,&quot;shutter_speed&quot;:&quot;0&quot;,&quot;title&quot;:&quot;&quot;,&quot;orientation&quot;:&quot;0&quot;}\" data-image-title=\"majoli\" data-image-description=\"\" data-image-caption=\"\" data-medium-file=\"https:\/\/i0.wp.com\/www.fotocultura.eu\/blogw\/wp-content\/uploads\/2016\/10\/majoli.jpg?fit=300%2C225\" data-large-file=\"https:\/\/i0.wp.com\/www.fotocultura.eu\/blogw\/wp-content\/uploads\/2016\/10\/majoli.jpg?fit=700%2C525\" src=\"https:\/\/i0.wp.com\/www.fotocultura.eu\/blogw\/wp-content\/uploads\/2016\/10\/majoli.jpg?resize=300%2C225\" alt=\"majoli\" width=\"300\" height=\"225\" class=\"aligncenter size-medium wp-image-1170\" srcset=\"https:\/\/i0.wp.com\/www.fotocultura.eu\/blogw\/wp-content\/uploads\/2016\/10\/majoli.jpg?resize=300%2C225 300w, https:\/\/i0.wp.com\/www.fotocultura.eu\/blogw\/wp-content\/uploads\/2016\/10\/majoli.jpg?w=700 700w\" sizes=\"auto, (max-width: 300px) 100vw, 300px\" \/><br \/>\n<\/a>\n<p style=\"text-align: justify;\">che riprende dei deja vu tipo la \u201cPiet\u00e0 del Kossovo\u201d di Georges Merrillon.<\/p>\n<p style=\"text-align: justify;\"><a class=\"img-lightbox\" href=\"https:\/\/i0.wp.com\/www.fotocultura.eu\/blogw\/wp-content\/uploads\/2016\/10\/Diapositiva18.jpg\" title=\"\" data-rel=\"lightbox-image-2\" data-imagelightbox=\"2\" data-rl_title=\"\" data-rl_caption=\"\">\n<p><img data-recalc-dims=\"1\" loading=\"lazy\" decoding=\"async\" data-attachment-id=\"1169\" data-permalink=\"http:\/\/www.fotocultura.eu\/blogw\/2016\/10\/05\/il-reportage-e-morto-per-aborto-viva-il-reportage\/diapositiva18-2\/\" data-orig-file=\"https:\/\/i0.wp.com\/www.fotocultura.eu\/blogw\/wp-content\/uploads\/2016\/10\/Diapositiva18.jpg?fit=1280%2C960\" data-orig-size=\"1280,960\" data-comments-opened=\"1\" data-image-meta=\"{&quot;aperture&quot;:&quot;0&quot;,&quot;credit&quot;:&quot;&quot;,&quot;camera&quot;:&quot;&quot;,&quot;caption&quot;:&quot;&quot;,&quot;created_timestamp&quot;:&quot;0&quot;,&quot;copyright&quot;:&quot;&quot;,&quot;focal_length&quot;:&quot;0&quot;,&quot;iso&quot;:&quot;0&quot;,&quot;shutter_speed&quot;:&quot;0&quot;,&quot;title&quot;:&quot;&quot;,&quot;orientation&quot;:&quot;0&quot;}\" data-image-title=\"diapositiva18\" data-image-description=\"\" data-image-caption=\"\" data-medium-file=\"https:\/\/i0.wp.com\/www.fotocultura.eu\/blogw\/wp-content\/uploads\/2016\/10\/Diapositiva18.jpg?fit=300%2C225\" data-large-file=\"https:\/\/i0.wp.com\/www.fotocultura.eu\/blogw\/wp-content\/uploads\/2016\/10\/Diapositiva18.jpg?fit=1024%2C768\" src=\"https:\/\/i0.wp.com\/www.fotocultura.eu\/blogw\/wp-content\/uploads\/2016\/10\/Diapositiva18.jpg?resize=300%2C225\" alt=\"diapositiva18\" width=\"300\" height=\"225\" class=\"size-medium wp-image-1169 aligncenter\" srcset=\"https:\/\/i0.wp.com\/www.fotocultura.eu\/blogw\/wp-content\/uploads\/2016\/10\/Diapositiva18.jpg?resize=300%2C225 300w, https:\/\/i0.wp.com\/www.fotocultura.eu\/blogw\/wp-content\/uploads\/2016\/10\/Diapositiva18.jpg?resize=768%2C576 768w, https:\/\/i0.wp.com\/www.fotocultura.eu\/blogw\/wp-content\/uploads\/2016\/10\/Diapositiva18.jpg?resize=1024%2C768 1024w, https:\/\/i0.wp.com\/www.fotocultura.eu\/blogw\/wp-content\/uploads\/2016\/10\/Diapositiva18.jpg?resize=800%2C600 800w, https:\/\/i0.wp.com\/www.fotocultura.eu\/blogw\/wp-content\/uploads\/2016\/10\/Diapositiva18.jpg?w=1280 1280w\" sizes=\"auto, (max-width: 300px) 100vw, 300px\" \/><br \/>\n<\/a>\n<p style=\"text-align: justify;\">Ma ormai questo \u00e8 il nuovo reportage e questo dobbiamo digerire. Il vero reportage documentale \u00e8 morto, anzi probabilmente abortito, allora: \u201cVIVA IL REPORTAGE!\u201d<\/p>\n<p>&nbsp;<\/p>\n","protected":false},"excerpt":{"rendered":"<p>Purtroppo il reportage \u00e8 nato con un grave peccato originale, che consiste nel dovere mostrare non la realt\u00e0, ma l\u2019interpretazione del reporter, il quale sul luogo di un evento, si pone come esegeta e non come spettatore che racconta. Inizialmente la mediazione del fotografo era mirata a edulcorare i fatti, ad anestetizzare gli orrori di [&hellip;]<\/p>\n","protected":false},"author":1,"featured_media":0,"comment_status":"open","ping_status":"open","sticky":false,"template":"","format":"standard","meta":{"_bbp_topic_count":0,"_bbp_reply_count":0,"_bbp_total_topic_count":0,"_bbp_total_reply_count":0,"_bbp_voice_count":0,"_bbp_anonymous_reply_count":0,"_bbp_topic_count_hidden":0,"_bbp_reply_count_hidden":0,"_bbp_forum_subforum_count":0,"_monsterinsights_skip_tracking":false,"_monsterinsights_sitenote_active":false,"_monsterinsights_sitenote_note":"","_monsterinsights_sitenote_category":0,"jetpack_post_was_ever_published":false,"_jetpack_newsletter_access":"","_jetpack_dont_email_post_to_subs":true,"_jetpack_newsletter_tier_id":0,"_jetpack_memberships_contains_paywalled_content":false,"_jetpack_memberships_contains_paid_content":false,"footnotes":"","jetpack_publicize_message":"","jetpack_publicize_feature_enabled":true,"jetpack_social_post_already_shared":true,"jetpack_social_options":{"image_generator_settings":{"template":"highway","default_image_id":0,"font":"","enabled":false},"version":2}},"categories":[1],"tags":[],"class_list":["post-1167","post","type-post","status-publish","format-standard","hentry","category-critiche"],"jetpack_publicize_connections":[],"jetpack_featured_media_url":"","jetpack_sharing_enabled":true,"jetpack_shortlink":"https:\/\/wp.me\/p68m6U-iP","jetpack-related-posts":[],"jetpack_likes_enabled":true,"_links":{"self":[{"href":"http:\/\/www.fotocultura.eu\/blogw\/wp-json\/wp\/v2\/posts\/1167","targetHints":{"allow":["GET"]}}],"collection":[{"href":"http:\/\/www.fotocultura.eu\/blogw\/wp-json\/wp\/v2\/posts"}],"about":[{"href":"http:\/\/www.fotocultura.eu\/blogw\/wp-json\/wp\/v2\/types\/post"}],"author":[{"embeddable":true,"href":"http:\/\/www.fotocultura.eu\/blogw\/wp-json\/wp\/v2\/users\/1"}],"replies":[{"embeddable":true,"href":"http:\/\/www.fotocultura.eu\/blogw\/wp-json\/wp\/v2\/comments?post=1167"}],"version-history":[{"count":0,"href":"http:\/\/www.fotocultura.eu\/blogw\/wp-json\/wp\/v2\/posts\/1167\/revisions"}],"wp:attachment":[{"href":"http:\/\/www.fotocultura.eu\/blogw\/wp-json\/wp\/v2\/media?parent=1167"}],"wp:term":[{"taxonomy":"category","embeddable":true,"href":"http:\/\/www.fotocultura.eu\/blogw\/wp-json\/wp\/v2\/categories?post=1167"},{"taxonomy":"post_tag","embeddable":true,"href":"http:\/\/www.fotocultura.eu\/blogw\/wp-json\/wp\/v2\/tags?post=1167"}],"curies":[{"name":"wp","href":"https:\/\/api.w.org\/{rel}","templated":true}]}}